{"id":8399,"date":"2025-04-10T06:28:27","date_gmt":"2025-04-10T04:28:27","guid":{"rendered":"https:\/\/gmracketsports.us\/?p=8399"},"modified":"2025-04-10T06:37:53","modified_gmt":"2025-04-10T04:37:53","slug":"activacion-en-racquetx","status":"publish","type":"post","link":"https:\/\/gmracketsports.us\/es\/activacion-en-racquetx\/","title":{"rendered":"Activaci\u00f3n en RacquetX"},"content":{"rendered":"\n<p>El pasado lunes 24 de marzo, durante la celebraci\u00f3n en <strong>Miami<\/strong> de la 2a edici\u00f3n del Congreso de deportes de pala y raqueta <strong>RacquetX<\/strong>, <strong>GM Racket Sports USA <\/strong>realiz\u00f3 un evento muy especial.<\/p>\n\n\n\n<p>Gracias a la gentileza de nuestro partner, y l\u00edder en fabricaci\u00f3n de pistas, <strong>Padel Galis<\/strong>, por cedernos la pista y a la colaboraci\u00f3n conjunta con otro de nuestros partners estrat\u00e9gicos, <strong>2winGs International Group<\/strong>, llevamos a cabo una activaci\u00f3n dentro de la propia pista con <strong>tres mujeres emprendedoras<\/strong> y que a su vez est\u00e1n vinculadas al mundo del p\u00e1del.<\/p>\n\n\n<div class=\"wp-block-image\">\n<figure class=\"aligncenter size-large\"><a href=\"https:\/\/gmracketsports.us\/wp-content\/uploads\/2025\/04\/on-the-court-activation.jpg\"><img fetchpriority=\"high\" decoding=\"async\" width=\"819\" height=\"1024\" src=\"https:\/\/gmracketsports.us\/wp-content\/uploads\/2025\/04\/on-the-court-activation-819x1024.jpg\" alt=\"On The Court Activation\" class=\"wp-image-8400\" srcset=\"https:\/\/gmracketsports.us\/wp-content\/uploads\/2025\/04\/on-the-court-activation-819x1024.jpg 819w, https:\/\/gmracketsports.us\/wp-content\/uploads\/2025\/04\/on-the-court-activation-240x300.jpg 240w, https:\/\/gmracketsports.us\/wp-content\/uploads\/2025\/04\/on-the-court-activation-768x960.jpg 768w, https:\/\/gmracketsports.us\/wp-content\/uploads\/2025\/04\/on-the-court-activation.jpg 1024w\" sizes=\"(max-width: 819px) 100vw, 819px\" \/><\/a><figcaption class=\"wp-element-caption\">P\u00f3ster del evento On The Court &#8211; Smash The Limits<\/figcaption><\/figure>\n<\/div>\n\n\n<p>La pista <strong>Mundial<\/strong> de Padel Galis fue testigo de 30 minutos de entrevista cercana y muy humana donde cada una de las ponentes explic\u00f3 sus proyectos actuales y c\u00f3mo se aproximaron al mundo del p\u00e1del. La segunda media hora estuvo destinada a la actividad f\u00edsica y, tras dejar los micr\u00f3fonos a un lado, cada una de ellas pudo dar lo mejor de s\u00ed misma con la pala en la mano sobre el tapete azul.<\/p>\n\n\n\n<p>Os dejamos con el <a href=\"https:\/\/www.clusterpadel.com\/noticias-asociados\/20250327\/padel-galis-triunfa-racquet-x-pista-mundial.aspx\">art\u00edculo completo<\/a> que se ha publicado en un medio de referencia para este deporte como es el <strong>Cluster Internacional de P\u00e1del<\/strong>.<\/p>\n\n\n\n<p><\/p>\n","protected":false},"excerpt":{"rendered":"<p>El pasado lunes 24 de marzo, durante la celebraci\u00f3n en Miami de la 2a edici\u00f3n del Congreso de deportes de pala y raqueta RacquetX, GM Racket Sports USA realiz\u00f3 un evento muy especial. Gracias a la gentileza de nuestro partner, y l\u00edder en fabricaci\u00f3n de pistas, Padel Galis, por cedernos la pista y a la &#8230; <a title=\"Activaci\u00f3n en RacquetX\" class=\"read-more\" href=\"https:\/\/gmracketsports.us\/es\/activacion-en-racquetx\/\" aria-label=\"M\u00e1s en Activaci\u00f3n en RacquetX\">Leer m\u00e1s<\/a><\/p>\n","protected":false},"author":5,"featured_media":8400,"comment_status":"closed","ping_status":"closed","sticky":false,"template":"","format":"standard","meta":{"footnotes":""},"categories":[1],"tags":[123,143,85,128],"class_list":["post-8399","post","type-post","status-publish","format-standard","has-post-thumbnail","hentry","category-noticias","tag-gmracketsportsusa","tag-miamipadel-2","tag-padel","tag-racquetx"],"yoast_head":"<!-- This site is optimized with the Yoast SEO plugin v24.0 - https:\/\/yoast.com\/wordpress\/plugins\/seo\/ -->\n<title>Activaci\u00f3n en RacquetX &#171; GM Racket Sports<\/title>\n<meta name=\"description\" content=\"El pasado lunes 24 de marzo en el marco de la 2a edici\u00f3n del Congreso RacquetX GM Racket Sports USA organiz\u00f3 un evento de p\u00e1del muy especial.\" \/>\n<meta name=\"robots\" content=\"index, follow, max-snippet:-1, max-image-preview:large, max-video-preview:-1\" \/>\n<link rel=\"canonical\" href=\"https:\/\/gmracketsports.us\/es\/activacion-en-racquetx\/\" \/>\n<meta property=\"og:locale\" content=\"es_ES\" \/>\n<meta property=\"og:type\" content=\"article\" \/>\n<meta property=\"og:title\" content=\"Activaci\u00f3n en RacquetX &#171; GM Racket Sports\" \/>\n<meta property=\"og:description\" content=\"El pasado lunes 24 de marzo en el marco de la 2a edici\u00f3n del Congreso RacquetX GM Racket Sports USA organiz\u00f3 un evento de p\u00e1del muy especial.\" \/>\n<meta property=\"og:url\" content=\"https:\/\/gmracketsports.us\/es\/activacion-en-racquetx\/\" \/>\n<meta property=\"og:site_name\" content=\"GM Racket Sports\" \/>\n<meta property=\"article:published_time\" content=\"2025-04-10T04:28:27+00:00\" \/>\n<meta property=\"article:modified_time\" content=\"2025-04-10T04:37:53+00:00\" \/>\n<meta property=\"og:image\" content=\"https:\/\/gmracketsports.us\/wp-content\/uploads\/2025\/04\/on-the-court-activation.jpg\" \/>\n\t<meta property=\"og:image:width\" content=\"1024\" \/>\n\t<meta property=\"og:image:height\" content=\"1280\" \/>\n\t<meta property=\"og:image:type\" content=\"image\/jpeg\" \/>\n<meta name=\"author\" content=\"Paco Mar\u00edn\" \/>\n<meta name=\"twitter:card\" content=\"summary_large_image\" \/>\n<meta name=\"twitter:label1\" content=\"Escrito por\" \/>\n\t<meta name=\"twitter:data1\" content=\"Paco Mar\u00edn\" \/>\n\t<meta name=\"twitter:label2\" content=\"Tiempo de lectura\" \/>\n\t<meta name=\"twitter:data2\" content=\"2 minutos\" \/>\n<script type=\"application\/ld+json\" class=\"yoast-schema-graph\">{\"@context\":\"https:\/\/schema.org\",\"@graph\":[{\"@type\":\"Article\",\"@id\":\"https:\/\/gmracketsports.us\/es\/activacion-en-racquetx\/#article\",\"isPartOf\":{\"@id\":\"https:\/\/gmracketsports.us\/es\/activacion-en-racquetx\/\"},\"author\":{\"name\":\"Paco Mar\u00edn\",\"@id\":\"https:\/\/gmracketsports.us\/es\/#\/schema\/person\/728a72a19643070fb7ebdf8188a20220\"},\"headline\":\"Activaci\u00f3n en RacquetX\",\"datePublished\":\"2025-04-10T04:28:27+00:00\",\"dateModified\":\"2025-04-10T04:37:53+00:00\",\"mainEntityOfPage\":{\"@id\":\"https:\/\/gmracketsports.us\/es\/activacion-en-racquetx\/\"},\"wordCount\":218,\"publisher\":{\"@id\":\"https:\/\/gmracketsports.us\/es\/#organization\"},\"image\":{\"@id\":\"https:\/\/gmracketsports.us\/es\/activacion-en-racquetx\/#primaryimage\"},\"thumbnailUrl\":\"https:\/\/gmracketsports.us\/wp-content\/uploads\/2025\/04\/on-the-court-activation.jpg\",\"keywords\":[\"GMRacketSportsUSA\",\"miamipadel\",\"padel\",\"racquetx\"],\"articleSection\":[\"Noticias\"],\"inLanguage\":\"es\"},{\"@type\":\"WebPage\",\"@id\":\"https:\/\/gmracketsports.us\/es\/activacion-en-racquetx\/\",\"url\":\"https:\/\/gmracketsports.us\/es\/activacion-en-racquetx\/\",\"name\":\"Activaci\u00f3n en RacquetX &#171; GM Racket Sports\",\"isPartOf\":{\"@id\":\"https:\/\/gmracketsports.us\/es\/#website\"},\"primaryImageOfPage\":{\"@id\":\"https:\/\/gmracketsports.us\/es\/activacion-en-racquetx\/#primaryimage\"},\"image\":{\"@id\":\"https:\/\/gmracketsports.us\/es\/activacion-en-racquetx\/#primaryimage\"},\"thumbnailUrl\":\"https:\/\/gmracketsports.us\/wp-content\/uploads\/2025\/04\/on-the-court-activation.jpg\",\"datePublished\":\"2025-04-10T04:28:27+00:00\",\"dateModified\":\"2025-04-10T04:37:53+00:00\",\"description\":\"El pasado lunes 24 de marzo en el marco de la 2a edici\u00f3n del Congreso RacquetX GM Racket Sports USA organiz\u00f3 un evento de p\u00e1del muy especial.\",\"breadcrumb\":{\"@id\":\"https:\/\/gmracketsports.us\/es\/activacion-en-racquetx\/#breadcrumb\"},\"inLanguage\":\"es\",\"potentialAction\":[{\"@type\":\"ReadAction\",\"target\":[\"https:\/\/gmracketsports.us\/es\/activacion-en-racquetx\/\"]}]},{\"@type\":\"ImageObject\",\"inLanguage\":\"es\",\"@id\":\"https:\/\/gmracketsports.us\/es\/activacion-en-racquetx\/#primaryimage\",\"url\":\"https:\/\/gmracketsports.us\/wp-content\/uploads\/2025\/04\/on-the-court-activation.jpg\",\"contentUrl\":\"https:\/\/gmracketsports.us\/wp-content\/uploads\/2025\/04\/on-the-court-activation.jpg\",\"width\":1024,\"height\":1280,\"caption\":\"On The Court Activation\"},{\"@type\":\"BreadcrumbList\",\"@id\":\"https:\/\/gmracketsports.us\/es\/activacion-en-racquetx\/#breadcrumb\",\"itemListElement\":[{\"@type\":\"ListItem\",\"position\":1,\"name\":\"Portada\",\"item\":\"https:\/\/gmracketsports.us\/es\/\"},{\"@type\":\"ListItem\",\"position\":2,\"name\":\"Activaci\u00f3n en RacquetX\"}]},{\"@type\":\"WebSite\",\"@id\":\"https:\/\/gmracketsports.us\/es\/#website\",\"url\":\"https:\/\/gmracketsports.us\/es\/\",\"name\":\"GM Racket Sports\",\"description\":\"GM Racket Sports\",\"publisher\":{\"@id\":\"https:\/\/gmracketsports.us\/es\/#organization\"},\"potentialAction\":[{\"@type\":\"SearchAction\",\"target\":{\"@type\":\"EntryPoint\",\"urlTemplate\":\"https:\/\/gmracketsports.us\/es\/?s={search_term_string}\"},\"query-input\":{\"@type\":\"PropertyValueSpecification\",\"valueRequired\":true,\"valueName\":\"search_term_string\"}}],\"inLanguage\":\"es\"},{\"@type\":\"Organization\",\"@id\":\"https:\/\/gmracketsports.us\/es\/#organization\",\"name\":\"GM Racket Sports\",\"url\":\"https:\/\/gmracketsports.us\/es\/\",\"logo\":{\"@type\":\"ImageObject\",\"inLanguage\":\"es\",\"@id\":\"https:\/\/gmracketsports.us\/es\/#\/schema\/logo\/image\/\",\"url\":\"https:\/\/gmracketsports.us\/wp-content\/uploads\/2021\/11\/gmrsescudo-y-nombrergb-e1637684202102.png\",\"contentUrl\":\"https:\/\/gmracketsports.us\/wp-content\/uploads\/2021\/11\/gmrsescudo-y-nombrergb-e1637684202102.png\",\"width\":1000,\"height\":567,\"caption\":\"GM Racket Sports\"},\"image\":{\"@id\":\"https:\/\/gmracketsports.us\/es\/#\/schema\/logo\/image\/\"}},{\"@type\":\"Person\",\"@id\":\"https:\/\/gmracketsports.us\/es\/#\/schema\/person\/728a72a19643070fb7ebdf8188a20220\",\"name\":\"Paco Mar\u00edn\",\"image\":{\"@type\":\"ImageObject\",\"inLanguage\":\"es\",\"@id\":\"https:\/\/gmracketsports.us\/es\/#\/schema\/person\/image\/\",\"url\":\"https:\/\/secure.gravatar.com\/avatar\/8eff61d1a070c2e6dd651aac17e5c2a14196fed756a3db6d4ccd12852d96a77f?s=96&d=mm&r=g\",\"contentUrl\":\"https:\/\/secure.gravatar.com\/avatar\/8eff61d1a070c2e6dd651aac17e5c2a14196fed756a3db6d4ccd12852d96a77f?s=96&d=mm&r=g\",\"caption\":\"Paco Mar\u00edn\"}}]}<\/script>\n<!-- \/ Yoast SEO plugin. -->","yoast_head_json":{"title":"Activaci\u00f3n en RacquetX &#171; GM Racket Sports","description":"El pasado lunes 24 de marzo en el marco de la 2a edici\u00f3n del Congreso RacquetX GM Racket Sports USA organiz\u00f3 un evento de p\u00e1del muy especial.","robots":{"index":"index","follow":"follow","max-snippet":"max-snippet:-1","max-image-preview":"max-image-preview:large","max-video-preview":"max-video-preview:-1"},"canonical":"https:\/\/gmracketsports.us\/es\/activacion-en-racquetx\/","og_locale":"es_ES","og_type":"article","og_title":"Activaci\u00f3n en RacquetX &#171; GM Racket Sports","og_description":"El pasado lunes 24 de marzo en el marco de la 2a edici\u00f3n del Congreso RacquetX GM Racket Sports USA organiz\u00f3 un evento de p\u00e1del muy especial.","og_url":"https:\/\/gmracketsports.us\/es\/activacion-en-racquetx\/","og_site_name":"GM Racket Sports","article_published_time":"2025-04-10T04:28:27+00:00","article_modified_time":"2025-04-10T04:37:53+00:00","og_image":[{"width":1024,"height":1280,"url":"https:\/\/gmracketsports.us\/wp-content\/uploads\/2025\/04\/on-the-court-activation.jpg","type":"image\/jpeg"}],"author":"Paco Mar\u00edn","twitter_card":"summary_large_image","twitter_misc":{"Escrito por":"Paco Mar\u00edn","Tiempo de lectura":"2 minutos"},"schema":{"@context":"https:\/\/schema.org","@graph":[{"@type":"Article","@id":"https:\/\/gmracketsports.us\/es\/activacion-en-racquetx\/#article","isPartOf":{"@id":"https:\/\/gmracketsports.us\/es\/activacion-en-racquetx\/"},"author":{"name":"Paco Mar\u00edn","@id":"https:\/\/gmracketsports.us\/es\/#\/schema\/person\/728a72a19643070fb7ebdf8188a20220"},"headline":"Activaci\u00f3n en RacquetX","datePublished":"2025-04-10T04:28:27+00:00","dateModified":"2025-04-10T04:37:53+00:00","mainEntityOfPage":{"@id":"https:\/\/gmracketsports.us\/es\/activacion-en-racquetx\/"},"wordCount":218,"publisher":{"@id":"https:\/\/gmracketsports.us\/es\/#organization"},"image":{"@id":"https:\/\/gmracketsports.us\/es\/activacion-en-racquetx\/#primaryimage"},"thumbnailUrl":"https:\/\/gmracketsports.us\/wp-content\/uploads\/2025\/04\/on-the-court-activation.jpg","keywords":["GMRacketSportsUSA","miamipadel","padel","racquetx"],"articleSection":["Noticias"],"inLanguage":"es"},{"@type":"WebPage","@id":"https:\/\/gmracketsports.us\/es\/activacion-en-racquetx\/","url":"https:\/\/gmracketsports.us\/es\/activacion-en-racquetx\/","name":"Activaci\u00f3n en RacquetX &#171; GM Racket Sports","isPartOf":{"@id":"https:\/\/gmracketsports.us\/es\/#website"},"primaryImageOfPage":{"@id":"https:\/\/gmracketsports.us\/es\/activacion-en-racquetx\/#primaryimage"},"image":{"@id":"https:\/\/gmracketsports.us\/es\/activacion-en-racquetx\/#primaryimage"},"thumbnailUrl":"https:\/\/gmracketsports.us\/wp-content\/uploads\/2025\/04\/on-the-court-activation.jpg","datePublished":"2025-04-10T04:28:27+00:00","dateModified":"2025-04-10T04:37:53+00:00","description":"El pasado lunes 24 de marzo en el marco de la 2a edici\u00f3n del Congreso RacquetX GM Racket Sports USA organiz\u00f3 un evento de p\u00e1del muy especial.","breadcrumb":{"@id":"https:\/\/gmracketsports.us\/es\/activacion-en-racquetx\/#breadcrumb"},"inLanguage":"es","potentialAction":[{"@type":"ReadAction","target":["https:\/\/gmracketsports.us\/es\/activacion-en-racquetx\/"]}]},{"@type":"ImageObject","inLanguage":"es","@id":"https:\/\/gmracketsports.us\/es\/activacion-en-racquetx\/#primaryimage","url":"https:\/\/gmracketsports.us\/wp-content\/uploads\/2025\/04\/on-the-court-activation.jpg","contentUrl":"https:\/\/gmracketsports.us\/wp-content\/uploads\/2025\/04\/on-the-court-activation.jpg","width":1024,"height":1280,"caption":"On The Court Activation"},{"@type":"BreadcrumbList","@id":"https:\/\/gmracketsports.us\/es\/activacion-en-racquetx\/#breadcrumb","itemListElement":[{"@type":"ListItem","position":1,"name":"Portada","item":"https:\/\/gmracketsports.us\/es\/"},{"@type":"ListItem","position":2,"name":"Activaci\u00f3n en RacquetX"}]},{"@type":"WebSite","@id":"https:\/\/gmracketsports.us\/es\/#website","url":"https:\/\/gmracketsports.us\/es\/","name":"GM Racket Sports","description":"GM Racket Sports","publisher":{"@id":"https:\/\/gmracketsports.us\/es\/#organization"},"potentialAction":[{"@type":"SearchAction","target":{"@type":"EntryPoint","urlTemplate":"https:\/\/gmracketsports.us\/es\/?s={search_term_string}"},"query-input":{"@type":"PropertyValueSpecification","valueRequired":true,"valueName":"search_term_string"}}],"inLanguage":"es"},{"@type":"Organization","@id":"https:\/\/gmracketsports.us\/es\/#organization","name":"GM Racket Sports","url":"https:\/\/gmracketsports.us\/es\/","logo":{"@type":"ImageObject","inLanguage":"es","@id":"https:\/\/gmracketsports.us\/es\/#\/schema\/logo\/image\/","url":"https:\/\/gmracketsports.us\/wp-content\/uploads\/2021\/11\/gmrsescudo-y-nombrergb-e1637684202102.png","contentUrl":"https:\/\/gmracketsports.us\/wp-content\/uploads\/2021\/11\/gmrsescudo-y-nombrergb-e1637684202102.png","width":1000,"height":567,"caption":"GM Racket Sports"},"image":{"@id":"https:\/\/gmracketsports.us\/es\/#\/schema\/logo\/image\/"}},{"@type":"Person","@id":"https:\/\/gmracketsports.us\/es\/#\/schema\/person\/728a72a19643070fb7ebdf8188a20220","name":"Paco Mar\u00edn","image":{"@type":"ImageObject","inLanguage":"es","@id":"https:\/\/gmracketsports.us\/es\/#\/schema\/person\/image\/","url":"https:\/\/secure.gravatar.com\/avatar\/8eff61d1a070c2e6dd651aac17e5c2a14196fed756a3db6d4ccd12852d96a77f?s=96&d=mm&r=g","contentUrl":"https:\/\/secure.gravatar.com\/avatar\/8eff61d1a070c2e6dd651aac17e5c2a14196fed756a3db6d4ccd12852d96a77f?s=96&d=mm&r=g","caption":"Paco Mar\u00edn"}}]}},"_links":{"self":[{"href":"https:\/\/gmracketsports.us\/es\/wp-json\/wp\/v2\/posts\/8399","targetHints":{"allow":["GET"]}}],"collection":[{"href":"https:\/\/gmracketsports.us\/es\/wp-json\/wp\/v2\/posts"}],"about":[{"href":"https:\/\/gmracketsports.us\/es\/wp-json\/wp\/v2\/types\/post"}],"author":[{"embeddable":true,"href":"https:\/\/gmracketsports.us\/es\/wp-json\/wp\/v2\/users\/5"}],"replies":[{"embeddable":true,"href":"https:\/\/gmracketsports.us\/es\/wp-json\/wp\/v2\/comments?post=8399"}],"version-history":[{"count":2,"href":"https:\/\/gmracketsports.us\/es\/wp-json\/wp\/v2\/posts\/8399\/revisions"}],"predecessor-version":[{"id":8405,"href":"https:\/\/gmracketsports.us\/es\/wp-json\/wp\/v2\/posts\/8399\/revisions\/8405"}],"wp:featuredmedia":[{"embeddable":true,"href":"https:\/\/gmracketsports.us\/es\/wp-json\/wp\/v2\/media\/8400"}],"wp:attachment":[{"href":"https:\/\/gmracketsports.us\/es\/wp-json\/wp\/v2\/media?parent=8399"}],"wp:term":[{"taxonomy":"category","embeddable":true,"href":"https:\/\/gmracketsports.us\/es\/wp-json\/wp\/v2\/categories?post=8399"},{"taxonomy":"post_tag","embeddable":true,"href":"https:\/\/gmracketsports.us\/es\/wp-json\/wp\/v2\/tags?post=8399"}],"curies":[{"name":"wp","href":"https:\/\/api.w.org\/{rel}","templated":true}]}}